{"id":5189,"date":"2023-12-22T12:44:26","date_gmt":"2023-12-22T11:44:26","guid":{"rendered":"https:\/\/savi.es\/die-psychologie-der-farbe-bei-der-kuechengestaltung\/"},"modified":"2024-05-05T15:07:35","modified_gmt":"2024-05-05T13:07:35","slug":"die-psychologie-der-farbe-bei-der-kuechengestaltung","status":"publish","type":"post","link":"https:\/\/savi.es\/de\/die-psychologie-der-farbe-bei-der-kuechengestaltung\/","title":{"rendered":"Die Psychologie der Farbe bei der K\u00fcchengestaltung"},"content":{"rendered":"\n<p>Innenarchitektur ist viel mehr als eine Reihe von Stilen und visuellen Trends, denn es geht auch darum zu verstehen, wie Farben unsere Emotionen und unser Verhalten beeinflussen, um f\u00fcr jeden Raum und jedes Haus eine ideale Umgebung zu schaffen, damit sich die Menschen, die dort leben, in ihrem Zuhause wohlf\u00fchlen.  <\/p>\n\n<p>Wenn es um die K\u00fcche geht, einen der wichtigsten R\u00e4ume im Haus,<strong>geht die Wahl der Farben \u00fcber die \u00c4sthetik hinaus und beeinflusst die Erfahrung und Funktionalit\u00e4t des Raumes<\/strong>. Wir werden die faszinierende Schnittmenge zwischen der Psychologie der Farben und dem K\u00fcchendesign erforschen, um Umgebungen zu schaffen, die eine Verbindung zu den Menschen herstellen, die sie bewohnen.<\/p>\n\n<p><strong>Jede Farbe ruft bestimmte emotionale Reaktionen hervor, ein Ph\u00e4nomen, das in der Farbpsychologie eingehend untersucht<\/strong> wurde. Indem wir dieses Wissen auf die K\u00fcchenfarben anwenden, k\u00f6nnen wir die R\u00e4ume so gestalten, dass sie den emotionalen und funktionalen Bed\u00fcrfnissen jeder Familie gerecht werden.<\/p>\n\n<h2 class=\"wp-block-heading\">Was vermitteln Farben nach der Farbpsychologie?<\/h2>\n\n<h3 class=\"wp-block-heading\">Wei\u00df: Sauberkeit und Ger\u00e4umigkeit<\/h3>\n\n<p><strong>Wei\u00df ist eine Leinwand voller M\u00f6glichkeiten<\/strong>. Es weckt Gef\u00fchle von Reinheit und Einfachheit. Vom Standpunkt der Farbpsychologie in der K\u00fcche aus betrachtet, kann Wei\u00df den Raum gr\u00f6\u00dfer und sauberer erscheinen lassen.<\/p>\n\n<p>Es ist perfekt f\u00fcr kleine K\u00fcchen, da es ein Gef\u00fchl von Ger\u00e4umigkeit und Licht vermittelt.<\/p>\n\n<figure class=\"wp-block-image size-large\"><img fetchpriority=\"high\" decoding=\"async\" width=\"1024\" height=\"678\" src=\"https:\/\/savi.es\/wp-content\/uploads\/2022\/05\/0011_19_V14_SET_06_AK05-1024x678.jpg\" alt=\"\" class=\"wp-image-1428\" srcset=\"https:\/\/savi.es\/wp-content\/uploads\/2022\/05\/0011_19_V14_SET_06_AK05-1024x678.jpg 1024w, https:\/\/savi.es\/wp-content\/uploads\/2022\/05\/0011_19_V14_SET_06_AK05-300x199.jpg 300w, https:\/\/savi.es\/wp-content\/uploads\/2022\/05\/0011_19_V14_SET_06_AK05-768x508.jpg 768w, https:\/\/savi.es\/wp-content\/uploads\/2022\/05\/0011_19_V14_SET_06_AK05.jpg 1162w\" sizes=\"(max-width: 1024px) 100vw, 1024px\" \/><\/figure>\n\n<h3 class=\"wp-block-heading\">Grau: Vielseitigkeit und Raffinesse<\/h3>\n\n<p><strong>Grau ist eine vielseitige Farbe, die zu den so genannten neutralen Farben geh\u00f6rt<\/strong> und Eleganz und Raffinesse ausstrahlt.<\/p>\n\n<p>In K\u00fcchen wird es immer beliebter und sorgt f\u00fcr eine moderne Atmosph\u00e4re. Es l\u00e4sst sich gut mit anderen Farben und Materialien kombinieren und bietet eine elegante Leinwand f\u00fcr Ihre Kreativit\u00e4t.<\/p>\n\n<h3 class=\"wp-block-heading\">Schwarz: Modernit\u00e4t und Eleganz<\/h3>\n\n<p><strong>Schwarz steht f\u00fcr Modernit\u00e4t und Eleganz<\/strong>. Obwohl es einen Raum kleiner erscheinen lassen kann, kann es an der richtigen Stelle eingesetzt einen Hauch von Luxus und Kontrast verleihen.<\/p>\n\n<p>Er ist ideal f\u00fcr ger\u00e4umige K\u00fcchen mit einem modernen und minimalistischen Stil.<\/p>\n\n<h3 class=\"wp-block-heading\">Gr\u00fcn: Natur und Vitalit\u00e4t<\/h3>\n\n<p><strong>Gr\u00fcn, das mit der Natur assoziiert wird, sorgt f\u00fcr Ruhe und Vitalit\u00e4t<\/strong>. Perfekt f\u00fcr K\u00fcchen, die eine Verbindung mit nat\u00fcrlichen Elementen suchen. Gr\u00fcn wird auch mit Gesundheit in Verbindung gebracht, was es zu einer guten Wahl f\u00fcr R\u00e4ume macht, in denen eine gesunde Ern\u00e4hrung gef\u00f6rdert wird.<\/p>\n\n<p>Sie kann sowohl in<strong>dekorativen Elementen als auch mit Pflanzen auf neutraleren M\u00f6beln<\/strong> eingesetzt werden und verleiht ihnen einen Hauch von Stil und Vitalit\u00e4t. In dieser Hinsicht sind aromatische Pflanzen eine gute Wahl, denn sie liefern auch eine kulinarische Zutat und verstr\u00f6men einen angenehmen Duft.<\/p>\n\n<h3 class=\"wp-block-heading\">Blau: Ruhe und Frische<\/h3>\n\n<p><strong>Blau vermittelt ein Gef\u00fchl von Ruhe und Frische<\/strong>. Ideal f\u00fcr K\u00fcchen, in denen eine entspannte Atmosph\u00e4re gew\u00fcnscht wird.  <\/p>\n\n<figure class=\"wp-block-image size-full\"><img decoding=\"async\" width=\"736\" height=\"592\" src=\"https:\/\/savi.es\/wp-content\/uploads\/2023\/07\/cocina-de-diseno-moderno-con-encimera-y-electrodomesticos-empotrados.png\" alt=\"Moderne K&#xFC;che mit zentraler Arbeitsfl&#xE4;che und Einbauger&#xE4;ten.\" class=\"wp-image-4579\" srcset=\"https:\/\/savi.es\/wp-content\/uploads\/2023\/07\/cocina-de-diseno-moderno-con-encimera-y-electrodomesticos-empotrados.png 736w, https:\/\/savi.es\/wp-content\/uploads\/2023\/07\/cocina-de-diseno-moderno-con-encimera-y-electrodomesticos-empotrados-300x241.png 300w\" sizes=\"(max-width: 736px) 100vw, 736px\" \/><\/figure>\n\n<h2 class=\"wp-block-heading\">Farbpsychologie in der K\u00fcche anwenden<\/h2>\n\n<p>Da wir nun wissen, welche Emotionen mit jeder Farbe verbunden sind, ist es wichtig, dieses Verst\u00e4ndnis auf die K\u00fcchengestaltung anzuwenden, um ausgewogene und harmonische R\u00e4ume zu schaffen.  <\/p>\n\n<ul class=\"wp-block-list\">\n<li><strong>W\u00e4hlen Sie eine ausgewogene Farbpalette<\/strong>, die die gew\u00fcnschte Energie in der K\u00fcche widerspiegelt. Arbeiten Sie mit neutralen Hintergr\u00fcnden und f\u00fcgen Sie blaue und gr\u00fcne Farbt\u00f6ne f\u00fcr eine ruhige Atmosph\u00e4re oder rote und gelbe Farbt\u00f6ne f\u00fcr eine lebendige K\u00fcche hinzu.<\/li>\n\n\n\n<li><strong>Verwenden Sie kr\u00e4ftige Farben als Blickpunkte<\/strong>. Dies kann ein Spritzschutz in einem auff\u00e4lligen Farbton sein oder durch dekorative Elemente erfolgen, die sich mit der neuen Mode ver\u00e4ndern lassen. Diese Elemente verleihen Lebendigkeit, ohne zu erdr\u00fccken, besonders wenn sie in minimalistischen R\u00e4umen eingesetzt werden.<\/li>\n\n\n\n<li><strong>Die Menge des nat\u00fcrlichen Lichts in einer K\u00fcche kann die Farbwahrnehmung beeinflussen<\/strong>. Dunklere T\u00f6ne k\u00f6nnen das Licht absorbieren und den Raum kleiner erscheinen lassen. Hellere Farben nutzen das nat\u00fcrliche Licht besser und sorgen f\u00fcr mehr Raum. Ber\u00fccksichtigen Sie bei der Auswahl der Farben, wie das nat\u00fcrliche Licht auf Ihre K\u00fcche wirkt, oder setzen Sie strategische Lichtpunkte, um ihr W\u00e4rme zu verleihen.<\/li>\n\n\n\n<li><strong>Kombinieren Sie Farben mit Texturen und Materialien<\/strong>, um visuelle Tiefe und Textur hinzuzuf\u00fcgen. Eine Kombination von Wei\u00df mit Holz oder Grau mit Edelstahl schafft ein \u00e4sthetisches und sensorisches Gleichgewicht.<\/li>\n<\/ul>\n\n<p>Die Psychologie der Farben bei der K\u00fcchengestaltung ist ein m\u00e4chtiges Werkzeug, um Umgebungen zu schaffen, die nicht nur visuell ansprechend sind, sondern auch Gef\u00fchle vermitteln.<\/p>\n\n<p>Wenn wir die Wirkung von Farben auf unsere Emotionen verstehen, k\u00f6nnen wir K\u00fcchen in R\u00e4ume verwandeln, die perfekt auf die Bed\u00fcrfnisse der Menschen, die darin leben, abgestimmt sind.<\/p>\n\n<p>In unserem <a href=\"https:\/\/savi.es\/de\/\">K\u00fcchengesch\u00e4ft in Benissa und Calpe<\/a> finden Sie viele Ideen, die Sie dazu inspirieren werden, die K\u00fcche Ihrer Tr\u00e4ume zu gestalten.  <\/p>\n","protected":false},"excerpt":{"rendered":"<p>Innenarchitektur ist viel mehr als eine Reihe von Stilen und visuellen Trends, denn es geht auch darum zu verstehen, wie Farben unsere Emotionen und unser Verhalten beeinflussen, um f\u00fcr jeden Raum und jedes Haus eine ideale Umgebung zu schaffen, damit sich die Menschen, die dort leben, in ihrem Zuhause wohlf\u00fchlen. Wenn es um die K\u00fcche [&hellip;]<\/p>\n","protected":false},"author":4,"featured_media":2499,"comment_status":"open","ping_status":"open","sticky":false,"template":"","format":"standard","meta":{"_acf_changed":false,"footnotes":""},"categories":[114],"tags":[116,115,191,117,111],"class_list":["post-5189","post","type-post","status-publish","format-standard","has-post-thumbnail","hentry","category-kuchen","tag-arrital-kuchen","tag-italienische-kuchen","tag-kuchenmobel","tag-moderne-kuchen","tag-tipps"],"acf":[],"_links":{"self":[{"href":"https:\/\/savi.es\/de\/wp-json\/wp\/v2\/posts\/5189","targetHints":{"allow":["GET"]}}],"collection":[{"href":"https:\/\/savi.es\/de\/wp-json\/wp\/v2\/posts"}],"about":[{"href":"https:\/\/savi.es\/de\/wp-json\/wp\/v2\/types\/post"}],"author":[{"embeddable":true,"href":"https:\/\/savi.es\/de\/wp-json\/wp\/v2\/users\/4"}],"replies":[{"embeddable":true,"href":"https:\/\/savi.es\/de\/wp-json\/wp\/v2\/comments?post=5189"}],"version-history":[{"count":3,"href":"https:\/\/savi.es\/de\/wp-json\/wp\/v2\/posts\/5189\/revisions"}],"predecessor-version":[{"id":5194,"href":"https:\/\/savi.es\/de\/wp-json\/wp\/v2\/posts\/5189\/revisions\/5194"}],"wp:featuredmedia":[{"embeddable":true,"href":"https:\/\/savi.es\/de\/wp-json\/wp\/v2\/media\/2499"}],"wp:attachment":[{"href":"https:\/\/savi.es\/de\/wp-json\/wp\/v2\/media?parent=5189"}],"wp:term":[{"taxonomy":"category","embeddable":true,"href":"https:\/\/savi.es\/de\/wp-json\/wp\/v2\/categories?post=5189"},{"taxonomy":"post_tag","embeddable":true,"href":"https:\/\/savi.es\/de\/wp-json\/wp\/v2\/tags?post=5189"}],"curies":[{"name":"wp","href":"https:\/\/api.w.org\/{rel}","templated":true}]}}